{"id":3650,"date":"2021-11-01T14:22:51","date_gmt":"2021-11-01T14:22:51","guid":{"rendered":"https:\/\/meckatzer-freunde-preussen.de\/?p=3650"},"modified":"2021-12-26T20:13:15","modified_gmt":"2021-12-26T20:13:15","slug":"pressemitteilung-des-vorstandes","status":"publish","type":"post","link":"https:\/\/meckatzer-freunde-preussen.de\/?p=3650","title":{"rendered":"Pressemitteilung des Vorstandes"},"content":{"rendered":"\n<p><em><span class=\"has-inline-color has-white-color\">Unser neu gew\u00e4hlter Vorstand hat folgende Mitteilung an alle bekannten Printmedien geschickt:<\/span><\/em><br>Am 22.10.2021 fand im Marinehaus die Ordentliche Mitgliederversammlung  2021 des Fanclubs Meckatzer-Freunde-Preussen statt. Der Satzung entsprechend wurde auch ein neuer Vorstand gew\u00e4hlt. Dieser setzt sich f\u00fcr die nun folgende Legislaturperiode wie folgt zusammen:<br>&#8211; <strong><span class=\"has-inline-color has-bright-red-color\"><em>Pr\u00e4sident<\/em> <\/span><\/strong>Christian Heller<br>&#8211; <em><strong><span class=\"has-inline-color has-bright-red-color\">Vizepr\u00e4sident<\/span><\/strong><\/em>, gleichzeitig <strong><em><span class=\"has-inline-color has-bright-red-color\">Protokollf\u00fchrer <\/span><\/em><\/strong>Andreas Fuhrig<br>&#8211; <strong><em><span class=\"has-inline-color has-bright-red-color\">Schatzmeisterin und Gleichstellungsbeauftragte<\/span><\/em><\/strong> Andrea Illig.<br>In einer einer ersten konspirativen Sitzung wurde ein Arbeitspapier erarbeitet, welches der Redaktion in schriftlicher Form vorliegt.<br>Demnach herrschte sehr schnell Einigkeit, dass die bisherigen Aktivit\u00e4ten auf jeden Fall fortzusetzen und punktuell auszubauen sind!<br>Dabei liegt das ganze Augenmerk auf das bevorstehende Jahr 2022. Im Fokus sind dabei:<br>Winterwanderung (Februar\/M\u00e4rz), Alternative zum Meckatzer-Fr\u00fchlingsfest (April), MFP-Stadtwanderung (im Mai oder auch fr\u00fcher), Besuch der Biermeile oder Weinfest oder Sommerfest (Juli\/August), Oktoberfest (Oktober), Weihnachtsfeier. Hinzu kommt noch die lange geplante Stettin-Fahrt. Das sind 17 Termine, mit Stettin sogar 18 H\u00f6hepunkte f\u00fcr 2022. Diese beinhalten nat\u00fcrlich die monatlichen Stammtische! F\u00fcr mehr Details und genauere Termine haben wir uns den n\u00e4chsten Stammtisch vorgenommen und auf der <a rel=\"noreferrer noopener\" href=\"https:\/\/meckatzer-freunde-preussen.de\/?cat=4\" target=\"_blank\">Webseite <\/a>werden sie dann zeitnah aktualisiert. Also bleibt viel zu tun und jeder kann seinen Beitrag leisten &#8211; nur in den Trinkpausen versteht sich !<br>Bleibt nun abzuwarten, welche Medien diesen Beitrag ver\u00f6ffentlichen. Auf jeden Fall geht diese Mitteilung nach MECKATZ!!!<\/p>\n\n\n\n<figure class=\"wp-block-image size-large\"><img loading=\"lazy\" decoding=\"async\" width=\"1024\" height=\"769\" src=\"https:\/\/meckatzer-freunde-preussen.de\/wp-content\/uploads\/2021\/11\/Vorstand-1024x769.jpg\" alt=\"\" class=\"wp-image-3656\" srcset=\"https:\/\/meckatzer-freunde-preussen.de\/wp-content\/uploads\/2021\/11\/Vorstand-1024x769.jpg 1024w, https:\/\/meckatzer-freunde-preussen.de\/wp-content\/uploads\/2021\/11\/Vorstand-300x225.jpg 300w, https:\/\/meckatzer-freunde-preussen.de\/wp-content\/uploads\/2021\/11\/Vorstand-768x576.jpg 768w, https:\/\/meckatzer-freunde-preussen.de\/wp-content\/uploads\/2021\/11\/Vorstand-1536x1153.jpg 1536w, https:\/\/meckatzer-freunde-preussen.de\/wp-content\/uploads\/2021\/11\/Vorstand-1200x901.jpg 1200w, https:\/\/meckatzer-freunde-preussen.de\/wp-content\/uploads\/2021\/11\/Vorstand.jpg 1600w\" sizes=\"(max-width: 1024px) 100vw, 1024px\" \/><\/figure>\n","protected":false},"excerpt":{"rendered":"<p>Unser neu gew\u00e4hlter Vorstand hat folgende Mitteilung an alle bekannten Printmedien geschickt:Am 22.10.2021 fand im Marinehaus die Ordentliche Mitgliederversammlung 2021 des Fanclubs Meckatzer-Freunde-Preussen statt. Der Satzung entsprechend wurde auch ein neuer Vorstand gew\u00e4hlt. Dieser setzt sich f\u00fcr die nun folgende Legislaturperiode wie folgt zusammen:&#8211; Pr\u00e4sident Christian Heller&#8211; Vizepr\u00e4sident, gleichzeitig Protokollf\u00fchrer Andreas Fuhrig&#8211; Schatzmeisterin und Gleichstellungsbeauftragte Andrea Illig.In einer einer ersten konspirativen Sitzung wurde ein Arbeitspapier erarbeitet, welches der Redaktion in schriftlicher Form vorliegt.Demnach herrschte sehr schnell Einigkeit, dass die bisherigen&#8230;<\/p>\n<p class=\"read-more\"><a class=\"btn btn-default\" href=\"https:\/\/meckatzer-freunde-preussen.de\/?p=3650\">Weiterlesen<span class=\"screen-reader-text\"> Weiterlesen<\/span><\/a><\/p>\n","protected":false},"author":1,"featured_media":1127,"comment_status":"open","ping_status":"","sticky":false,"template":"","format":"standard","meta":{"footnotes":""},"categories":[34],"tags":[],"_links":{"self":[{"href":"https:\/\/meckatzer-freunde-preussen.de\/index.php?rest_route=\/wp\/v2\/posts\/3650"}],"collection":[{"href":"https:\/\/meckatzer-freunde-preussen.de\/index.php?rest_route=\/wp\/v2\/posts"}],"about":[{"href":"https:\/\/meckatzer-freunde-preussen.de\/index.php?rest_route=\/wp\/v2\/types\/post"}],"author":[{"embeddable":true,"href":"https:\/\/meckatzer-freunde-preussen.de\/index.php?rest_route=\/wp\/v2\/users\/1"}],"replies":[{"embeddable":true,"href":"https:\/\/meckatzer-freunde-preussen.de\/index.php?rest_route=%2Fwp%2Fv2%2Fcomments&post=3650"}],"version-history":[{"count":10,"href":"https:\/\/meckatzer-freunde-preussen.de\/index.php?rest_route=\/wp\/v2\/posts\/3650\/revisions"}],"predecessor-version":[{"id":3751,"href":"https:\/\/meckatzer-freunde-preussen.de\/index.php?rest_route=\/wp\/v2\/posts\/3650\/revisions\/3751"}],"wp:featuredmedia":[{"embeddable":true,"href":"https:\/\/meckatzer-freunde-preussen.de\/index.php?rest_route=\/wp\/v2\/media\/1127"}],"wp:attachment":[{"href":"https:\/\/meckatzer-freunde-preussen.de\/index.php?rest_route=%2Fwp%2Fv2%2Fmedia&parent=3650"}],"wp:term":[{"taxonomy":"category","embeddable":true,"href":"https:\/\/meckatzer-freunde-preussen.de\/index.php?rest_route=%2Fwp%2Fv2%2Fcategories&post=3650"},{"taxonomy":"post_tag","embeddable":true,"href":"https:\/\/meckatzer-freunde-preussen.de\/index.php?rest_route=%2Fwp%2Fv2%2Ftags&post=3650"}],"curies":[{"name":"wp","href":"https:\/\/api.w.org\/{rel}","templated":true}]}}